{"id":288,"date":"2017-03-19T21:51:38","date_gmt":"2017-03-19T20:51:38","guid":{"rendered":"http:\/\/flamandrose.be\/?p=288"},"modified":"2017-04-03T18:13:05","modified_gmt":"2017-04-03T16:13:05","slug":"les-grues-cendrees","status":"publish","type":"post","link":"https:\/\/flamandrose.be\/index.php\/2017\/03\/19\/les-grues-cendrees\/","title":{"rendered":"Les grues cendr\u00e9es"},"content":{"rendered":"<p><span style=\"font-family: 'Courier New', monospace;\"><b>Les premi\u00e8res fleurs apr\u00e8s un hiver froid.<\/b><\/span><\/p>\n<p><span style=\"font-family: 'Courier New', monospace;\"><b>Les grues cendr\u00e9es sont pass\u00e9es. Voil\u00e0 le printemps. Spring is in the air.<\/b><\/span><\/p>\n<p><span style=\"font-family: 'Courier New', monospace;\"><b>Bon voyage les grues et au revoir!<\/b><\/span><\/p>\n\n\t\t<style type=\"text\/css\">\n\t\t\t#gallery-1 {\n\t\t\t\tmargin: auto;\n\t\t\t}\n\t\t\t#gallery-1 .gallery-item {\n\t\t\t\tfloat: left;\n\t\t\t\tmargin-top: 10px;\n\t\t\t\ttext-align: center;\n\t\t\t\twidth: 33%;\n\t\t\t}\n\t\t\t#gallery-1 img {\n\t\t\t\tborder: 2px solid #cfcfcf;\n\t\t\t}\n\t\t\t#gallery-1 .gallery-caption {\n\t\t\t\tmargin-left: 0;\n\t\t\t}\n\t\t\t\/* see gallery_shortcode() in wp-includes\/media.php *\/\n\t\t<\/style>\n\t\t<div id='gallery-1' class='gallery galleryid-288 gallery-columns-3 gallery-size-large'><dl class='gallery-item'>\n\t\t\t<dt class='gallery-icon landscape'>\n\t\t\t\t<a href='https:\/\/flamandrose.be\/index.php\/2017\/03\/19\/les-grues-cendrees\/img_4710\/'><img loading=\"lazy\" decoding=\"async\" width=\"650\" height=\"434\" src=\"https:\/\/flamandrose.be\/wp-content\/uploads\/2017\/03\/IMG_4710-1024x683.jpg\" class=\"attachment-large size-large\" alt=\"\" srcset=\"https:\/\/flamandrose.be\/wp-content\/uploads\/2017\/03\/IMG_4710-1024x683.jpg 1024w, https:\/\/flamandrose.be\/wp-content\/uploads\/2017\/03\/IMG_4710-300x200.jpg 300w, https:\/\/flamandrose.be\/wp-content\/uploads\/2017\/03\/IMG_4710-768x512.jpg 768w, https:\/\/flamandrose.be\/wp-content\/uploads\/2017\/03\/IMG_4710.jpg 1728w\" sizes=\"auto, (max-width: 650px) 100vw, 650px\" \/><\/a>\n\t\t\t<\/dt><\/dl><dl class='gallery-item'>\n\t\t\t<dt class='gallery-icon landscape'>\n\t\t\t\t<a href='https:\/\/flamandrose.be\/index.php\/2017\/03\/19\/les-grues-cendrees\/img_4701\/'><img loading=\"lazy\" decoding=\"async\" width=\"650\" height=\"434\" src=\"https:\/\/flamandrose.be\/wp-content\/uploads\/2017\/03\/IMG_4701-1024x683.jpg\" class=\"attachment-large size-large\" alt=\"\" srcset=\"https:\/\/flamandrose.be\/wp-content\/uploads\/2017\/03\/IMG_4701-1024x683.jpg 1024w, https:\/\/flamandrose.be\/wp-content\/uploads\/2017\/03\/IMG_4701-300x200.jpg 300w, https:\/\/flamandrose.be\/wp-content\/uploads\/2017\/03\/IMG_4701-768x512.jpg 768w, https:\/\/flamandrose.be\/wp-content\/uploads\/2017\/03\/IMG_4701.jpg 1728w\" sizes=\"auto, (max-width: 650px) 100vw, 650px\" \/><\/a>\n\t\t\t<\/dt><\/dl><dl class='gallery-item'>\n\t\t\t<dt class='gallery-icon landscape'>\n\t\t\t\t<a href='https:\/\/flamandrose.be\/index.php\/2017\/03\/19\/les-grues-cendrees\/img_4691\/'><img loading=\"lazy\" decoding=\"async\" width=\"650\" height=\"434\" src=\"https:\/\/flamandrose.be\/wp-content\/uploads\/2017\/03\/IMG_4691-1024x683.jpg\" class=\"attachment-large size-large\" alt=\"\" srcset=\"https:\/\/flamandrose.be\/wp-content\/uploads\/2017\/03\/IMG_4691-1024x683.jpg 1024w, https:\/\/flamandrose.be\/wp-content\/uploads\/2017\/03\/IMG_4691-300x200.jpg 300w, https:\/\/flamandrose.be\/wp-content\/uploads\/2017\/03\/IMG_4691-768x512.jpg 768w, https:\/\/flamandrose.be\/wp-content\/uploads\/2017\/03\/IMG_4691.jpg 1728w\" sizes=\"auto, (max-width: 650px) 100vw, 650px\" \/><\/a>\n\t\t\t<\/dt><\/dl><br style=\"clear: both\" \/>\n\t\t<\/div>\n\n","protected":false},"excerpt":{"rendered":"<p>Les premi\u00e8res fleurs apr\u00e8s un hiver froid. Les grues cendr\u00e9es sont pass\u00e9es. Voil\u00e0 le printemps. Spring is in the air. Bon voyage les grues et au revoir!<\/p>\n","protected":false},"author":3,"featured_media":290,"comment_status":"closed","ping_status":"closed","sticky":false,"template":"","format":"standard","meta":{"footnotes":""},"categories":[31,28],"tags":[108,109,49,80,46,79,107,95,94,106,82,50,97,96,81,45,92,93],"class_list":["post-288","post","type-post","status-publish","format-standard","has-post-thumbnail","hentry","category-seizoenen","category-inspiration","tag-bloemen","tag-fleurs","tag-foto","tag-grues-cendrees","tag-jardin","tag-kraanvogels","tag-matin","tag-nature","tag-natuur","tag-ochtend","tag-oiseaux-migrateurs","tag-photo","tag-saisons","tag-seizoenen","tag-trekvogels","tag-tuin","tag-vliegen","tag-voler"],"_links":{"self":[{"href":"https:\/\/flamandrose.be\/index.php\/wp-json\/wp\/v2\/posts\/288","targetHints":{"allow":["GET"]}}],"collection":[{"href":"https:\/\/flamandrose.be\/index.php\/wp-json\/wp\/v2\/posts"}],"about":[{"href":"https:\/\/flamandrose.be\/index.php\/wp-json\/wp\/v2\/types\/post"}],"author":[{"embeddable":true,"href":"https:\/\/flamandrose.be\/index.php\/wp-json\/wp\/v2\/users\/3"}],"replies":[{"embeddable":true,"href":"https:\/\/flamandrose.be\/index.php\/wp-json\/wp\/v2\/comments?post=288"}],"version-history":[{"count":2,"href":"https:\/\/flamandrose.be\/index.php\/wp-json\/wp\/v2\/posts\/288\/revisions"}],"predecessor-version":[{"id":458,"href":"https:\/\/flamandrose.be\/index.php\/wp-json\/wp\/v2\/posts\/288\/revisions\/458"}],"wp:featuredmedia":[{"embeddable":true,"href":"https:\/\/flamandrose.be\/index.php\/wp-json\/wp\/v2\/media\/290"}],"wp:attachment":[{"href":"https:\/\/flamandrose.be\/index.php\/wp-json\/wp\/v2\/media?parent=288"}],"wp:term":[{"taxonomy":"category","embeddable":true,"href":"https:\/\/flamandrose.be\/index.php\/wp-json\/wp\/v2\/categories?post=288"},{"taxonomy":"post_tag","embeddable":true,"href":"https:\/\/flamandrose.be\/index.php\/wp-json\/wp\/v2\/tags?post=288"}],"curies":[{"name":"wp","href":"https:\/\/api.w.org\/{rel}","templated":true}]}}