{"id":2415,"date":"2023-05-20T16:50:23","date_gmt":"2023-05-20T14:50:23","guid":{"rendered":"https:\/\/flamandrose.be\/?p=2415"},"modified":"2023-05-21T18:03:24","modified_gmt":"2023-05-21T16:03:24","slug":"making-of","status":"publish","type":"post","link":"https:\/\/flamandrose.be\/index.php\/2023\/05\/20\/making-of\/","title":{"rendered":"Making of"},"content":{"rendered":"\n<p>C&#8217;est la derni\u00e8re \u00e9picerie d&#8217;Assenois (L\u00e9glise), qui fait le d\u00e9cor d&#8217;une nouvelle fresque en c\u00e9ramique!<\/p>\n\n\n\n<p>Cette \u00e9picerie, qui fermait ces portes en 2012, \u00e9tait le point central du village, l&#8217;endroit o\u00f9 tout le monde \u00e9tait servi avec le grand sourire.<\/p>\n\n\n\n<p>Cette fresque raconte l&#8217;histoire de l\u2019\u00e9picerie, l&#8217;histoire des 3 g\u00e9n\u00e9rations f\u00e9minines, l&#8217;histoire de la vie rural de ce village&#8230; C&#8217;est na\u00eff, dr\u00f4le et folklorique. C&#8217;est une mani\u00e8re de pr\u00e9server l&#8217;histoire au quotidien!<\/p>\n\n\n\n<figure class=\"wp-block-gallery has-nested-images columns-2 is-cropped wp-block-gallery-1 is-layout-flex wp-block-gallery-is-layout-flex\">\n<figure class=\"wp-block-image size-large is-style-default\"><a href=\"https:\/\/flamandrose.be\/wp-content\/uploads\/2023\/05\/20230430_111010-scaled-e1684593545375.jpg\"><img loading=\"lazy\" decoding=\"async\" width=\"1024\" height=\"768\" data-id=\"2405\" src=\"https:\/\/flamandrose.be\/wp-content\/uploads\/2023\/05\/20230430_111010-1024x768.jpg\" alt=\"\" class=\"wp-image-2405\"\/><\/a><\/figure>\n\n\n\n<figure class=\"wp-block-image size-large is-style-default\"><a href=\"https:\/\/flamandrose.be\/wp-content\/uploads\/2023\/05\/20230503_111415-scaled-e1684593390648.jpg\"><img loading=\"lazy\" decoding=\"async\" width=\"1024\" height=\"768\" data-id=\"2409\" src=\"https:\/\/flamandrose.be\/wp-content\/uploads\/2023\/05\/20230503_111415-1024x768.jpg\" alt=\"\" class=\"wp-image-2409\"\/><\/a><\/figure>\n\n\n\n<figure class=\"wp-block-image size-large is-style-default\"><a href=\"https:\/\/flamandrose.be\/wp-content\/uploads\/2023\/05\/20230502_104902-scaled-e1684593444767.jpg\"><img loading=\"lazy\" decoding=\"async\" width=\"1024\" height=\"768\" data-id=\"2408\" src=\"https:\/\/flamandrose.be\/wp-content\/uploads\/2023\/05\/20230502_104902-1024x768.jpg\" alt=\"\" class=\"wp-image-2408\"\/><\/a><\/figure>\n\n\n\n<figure class=\"wp-block-image size-large is-style-default\"><a href=\"https:\/\/flamandrose.be\/wp-content\/uploads\/2023\/05\/20230501_170207-scaled-e1684593466267.jpg\"><img loading=\"lazy\" decoding=\"async\" width=\"1024\" height=\"768\" data-id=\"2407\" src=\"https:\/\/flamandrose.be\/wp-content\/uploads\/2023\/05\/20230501_170207-1024x768.jpg\" alt=\"\" class=\"wp-image-2407\"\/><\/a><\/figure>\n\n\n\n<figure class=\"wp-block-image size-large is-style-default\"><a href=\"https:\/\/flamandrose.be\/wp-content\/uploads\/2023\/05\/20230501_165525-kopie-scaled-e1684593498558.jpg\"><img loading=\"lazy\" decoding=\"async\" width=\"1024\" height=\"768\" data-id=\"2406\" src=\"https:\/\/flamandrose.be\/wp-content\/uploads\/2023\/05\/20230501_165525-kopie-1024x768.jpg\" alt=\"\" class=\"wp-image-2406\"\/><\/a><\/figure>\n\n\n\n<figure class=\"wp-block-image size-large is-style-default\"><a href=\"https:\/\/flamandrose.be\/wp-content\/uploads\/2023\/05\/20230504_114455-scaled-e1684593318706.jpg\"><img loading=\"lazy\" decoding=\"async\" width=\"1024\" height=\"768\" data-id=\"2411\" src=\"https:\/\/flamandrose.be\/wp-content\/uploads\/2023\/05\/20230504_114455-1024x768.jpg\" alt=\"\" class=\"wp-image-2411\"\/><\/a><\/figure>\n\n\n\n<figure class=\"wp-block-image size-large is-style-default\"><a href=\"https:\/\/flamandrose.be\/wp-content\/uploads\/2023\/05\/20230518_100236-scaled-e1684593296963.jpg\"><img loading=\"lazy\" decoding=\"async\" width=\"1024\" height=\"768\" data-id=\"2412\" src=\"https:\/\/flamandrose.be\/wp-content\/uploads\/2023\/05\/20230518_100236-1024x768.jpg\" alt=\"\" class=\"wp-image-2412\"\/><\/a><\/figure>\n\n\n\n<figure class=\"wp-block-image size-large is-style-default\"><a href=\"https:\/\/flamandrose.be\/wp-content\/uploads\/2023\/05\/20230518_101319-scaled-e1684593274920.jpg\"><img loading=\"lazy\" decoding=\"async\" width=\"1024\" height=\"768\" data-id=\"2413\" src=\"https:\/\/flamandrose.be\/wp-content\/uploads\/2023\/05\/20230518_101319-1024x768.jpg\" alt=\"\" class=\"wp-image-2413\"\/><\/a><\/figure>\n\n\n\n<figure class=\"wp-block-image size-large is-style-default\"><a href=\"https:\/\/flamandrose.be\/wp-content\/uploads\/2023\/05\/IMG_4168-scaled-e1684593243121.jpg\"><img loading=\"lazy\" decoding=\"async\" width=\"1024\" height=\"683\" data-id=\"2414\" src=\"https:\/\/flamandrose.be\/wp-content\/uploads\/2023\/05\/IMG_4168-scaled-e1684593243121-1024x683.jpg\" alt=\"\" class=\"wp-image-2414\" srcset=\"https:\/\/flamandrose.be\/wp-content\/uploads\/2023\/05\/IMG_4168-scaled-e1684593243121-1024x683.jpg 1024w, https:\/\/flamandrose.be\/wp-content\/uploads\/2023\/05\/IMG_4168-scaled-e1684593243121-300x200.jpg 300w, https:\/\/flamandrose.be\/wp-content\/uploads\/2023\/05\/IMG_4168-scaled-e1684593243121-768x512.jpg 768w, https:\/\/flamandrose.be\/wp-content\/uploads\/2023\/05\/IMG_4168-scaled-e1684593243121-220x147.jpg 220w, https:\/\/flamandrose.be\/wp-content\/uploads\/2023\/05\/IMG_4168-scaled-e1684593243121.jpg 1125w\" sizes=\"auto, (max-width: 1024px) 100vw, 1024px\" \/><\/a><\/figure>\n<\/figure>\n","protected":false},"excerpt":{"rendered":"<p>C&#8217;est la derni\u00e8re \u00e9picerie d&#8217;Assenois (L\u00e9glise), qui fait le d\u00e9cor d&#8217;une nouvelle fresque en c\u00e9ramique! Cette \u00e9picerie, qui fermait ces portes en 2012, \u00e9tait le point central du village, l&#8217;endroit o\u00f9 tout le monde \u00e9tait servi avec le grand sourire.<span class=\"ellipsis\">&hellip;<\/span> <span class=\"read-more\"><a href=\"https:\/\/flamandrose.be\/index.php\/2023\/05\/20\/making-of\/\">Read more &#8250;<\/a><\/span><\/p>\n","protected":false},"author":1,"featured_media":2410,"comment_status":"closed","ping_status":"closed","sticky":false,"template":"","format":"standard","meta":{"footnotes":""},"categories":[24,27,21],"tags":[43,60,69,102,88,42,68,87,103,59],"class_list":["post-2415","post","type-post","status-publish","format-standard","has-post-thumbnail","hentry","category-muurdecoratie","category-life","category-things","tag-argile","tag-carrelages","tag-couleurs","tag-decoration-murale","tag-etre-humain","tag-klei","tag-kleuren","tag-mens-zijn","tag-muurdecoratie","tag-tegels"],"_links":{"self":[{"href":"https:\/\/flamandrose.be\/index.php\/wp-json\/wp\/v2\/posts\/2415","targetHints":{"allow":["GET"]}}],"collection":[{"href":"https:\/\/flamandrose.be\/index.php\/wp-json\/wp\/v2\/posts"}],"about":[{"href":"https:\/\/flamandrose.be\/index.php\/wp-json\/wp\/v2\/types\/post"}],"author":[{"embeddable":true,"href":"https:\/\/flamandrose.be\/index.php\/wp-json\/wp\/v2\/users\/1"}],"replies":[{"embeddable":true,"href":"https:\/\/flamandrose.be\/index.php\/wp-json\/wp\/v2\/comments?post=2415"}],"version-history":[{"count":5,"href":"https:\/\/flamandrose.be\/index.php\/wp-json\/wp\/v2\/posts\/2415\/revisions"}],"predecessor-version":[{"id":2437,"href":"https:\/\/flamandrose.be\/index.php\/wp-json\/wp\/v2\/posts\/2415\/revisions\/2437"}],"wp:featuredmedia":[{"embeddable":true,"href":"https:\/\/flamandrose.be\/index.php\/wp-json\/wp\/v2\/media\/2410"}],"wp:attachment":[{"href":"https:\/\/flamandrose.be\/index.php\/wp-json\/wp\/v2\/media?parent=2415"}],"wp:term":[{"taxonomy":"category","embeddable":true,"href":"https:\/\/flamandrose.be\/index.php\/wp-json\/wp\/v2\/categories?post=2415"},{"taxonomy":"post_tag","embeddable":true,"href":"https:\/\/flamandrose.be\/index.php\/wp-json\/wp\/v2\/tags?post=2415"}],"curies":[{"name":"wp","href":"https:\/\/api.w.org\/{rel}","templated":true}]}}